{"id":929,"date":"2016-08-11T01:06:17","date_gmt":"2016-08-11T01:06:17","guid":{"rendered":"http:\/\/linkandocomale.com\/novo\/?p=929"},"modified":"2016-08-11T01:06:17","modified_gmt":"2016-08-11T01:06:17","slug":"cabo-da-roca","status":"publish","type":"post","link":"http:\/\/linkandocomale.com\/novo\/2016\/08\/11\/cabo-da-roca\/","title":{"rendered":"Cabo da Roca"},"content":{"rendered":"<p>Visitamos o Cabo da Roca localizado na regi\u00e3o de Sintra e bem perto de Lisboa \u00e9 o ponto mais ocidental do continente europeu.<\/p>\n<p>\u00c9 natureza pura. A vis\u00e3o do Oceano Atl\u00e2ntico a perder de vista, \u00e9 fant\u00e1stica.<\/p>\n<div id=\"kad-wp-gallery17\" class=\"kad-wp-gallery init-isotope kad-light-wp-gallery clearfix rowtight\" data-fade-in=\"1\" data-iso-selector=\".g_item\"><div class=\"tcol-lg-4 tcol-md-4 tcol-sm-4 tcol-xs-6 tcol-ss-12 g_item\"><div class=\"grid_item kt_item_fade_in kad_gallery_fade_in gallery_item\"><a href=\"http:\/\/linkandocomale.com\/novo\/wp-content\/uploads\/2016\/08\/20160617_195031.jpg\" rel=\"lightbox[pp_gal]\" class=\"lightboxhover\">\n                          <img src=\"http:\/\/linkandocomale.com\/novo\/wp-content\/uploads\/2016\/08\/20160617_195031-366x651.jpg\" alt=\"Cabo da Roca. Foto de Eliana\" class=\"light-dropshaddow\"\/><div class=\"caption kad_caption\"><div class=\"kad_caption_inner\">Cabo da Roca. Foto de Eliana<\/div><\/div><\/a><\/div><\/div><div class=\"tcol-lg-4 tcol-md-4 tcol-sm-4 tcol-xs-6 tcol-ss-12 g_item\"><div class=\"grid_item kt_item_fade_in kad_gallery_fade_in gallery_item\"><a href=\"http:\/\/linkandocomale.com\/novo\/wp-content\/uploads\/2016\/08\/20160617_195334.jpg\" rel=\"lightbox[pp_gal]\" class=\"lightboxhover\">\n                          <img src=\"http:\/\/linkandocomale.com\/novo\/wp-content\/uploads\/2016\/08\/20160617_195334-366x651.jpg\" alt=\"Jeny e Ionira. Foto de Eliana\" class=\"light-dropshaddow\"\/><div class=\"caption kad_caption\"><div class=\"kad_caption_inner\">Jeny e Ionira. Foto de Eliana<\/div><\/div><\/a><\/div><\/div><div class=\"tcol-lg-4 tcol-md-4 tcol-sm-4 tcol-xs-6 tcol-ss-12 g_item\"><div class=\"grid_item kt_item_fade_in kad_gallery_fade_in gallery_item\"><a href=\"http:\/\/linkandocomale.com\/novo\/wp-content\/uploads\/2016\/08\/IMG_0870.jpg\" rel=\"lightbox[pp_gal]\" class=\"lightboxhover\">\n                          <img src=\"http:\/\/linkandocomale.com\/novo\/wp-content\/uploads\/2016\/08\/IMG_0870-366x275.jpg\" alt=\"Cabo da Roca. Foto de Ionira\" class=\"light-dropshaddow\"\/><div class=\"caption kad_caption\"><div class=\"kad_caption_inner\">Cabo da Roca. Foto de Ionira<\/div><\/div><\/a><\/div><\/div><div class=\"tcol-lg-4 tcol-md-4 tcol-sm-4 tcol-xs-6 tcol-ss-12 g_item\"><div class=\"grid_item kt_item_fade_in kad_gallery_fade_in gallery_item\"><a href=\"http:\/\/linkandocomale.com\/novo\/wp-content\/uploads\/2016\/08\/IMG_0874.jpg\" rel=\"lightbox[pp_gal]\" class=\"lightboxhover\">\n                          <img src=\"http:\/\/linkandocomale.com\/novo\/wp-content\/uploads\/2016\/08\/IMG_0874-366x275.jpg\" alt=\"Cabo da Roca. Foto de Ionira\" class=\"light-dropshaddow\"\/><div class=\"caption kad_caption\"><div class=\"kad_caption_inner\">Cabo da Roca. Foto de Ionira<\/div><\/div><\/a><\/div><\/div><div class=\"tcol-lg-4 tcol-md-4 tcol-sm-4 tcol-xs-6 tcol-ss-12 g_item\"><div class=\"grid_item kt_item_fade_in kad_gallery_fade_in gallery_item\"><a href=\"http:\/\/linkandocomale.com\/novo\/wp-content\/uploads\/2016\/08\/IMG_0883.jpg\" rel=\"lightbox[pp_gal]\" class=\"lightboxhover\">\n                          <img src=\"http:\/\/linkandocomale.com\/novo\/wp-content\/uploads\/2016\/08\/IMG_0883-366x275.jpg\" alt=\"Penhascos. Foto de Ionira\" class=\"light-dropshaddow\"\/><div class=\"caption kad_caption\"><div class=\"kad_caption_inner\">Penhascos. Foto de Ionira<\/div><\/div><\/a><\/div><\/div><div class=\"tcol-lg-4 tcol-md-4 tcol-sm-4 tcol-xs-6 tcol-ss-12 g_item\"><div class=\"grid_item kt_item_fade_in kad_gallery_fade_in gallery_item\"><a href=\"http:\/\/linkandocomale.com\/novo\/wp-content\/uploads\/2016\/08\/IMG_0899.jpg\" rel=\"lightbox[pp_gal]\" class=\"lightboxhover\">\n                          <img src=\"http:\/\/linkandocomale.com\/novo\/wp-content\/uploads\/2016\/08\/IMG_0899-366x275.jpg\" alt=\"Penhascos. Foto do Sr. Marcelo\" class=\"light-dropshaddow\"\/><div class=\"caption kad_caption\"><div class=\"kad_caption_inner\">Penhascos. Foto do Sr. Marcelo<\/div><\/div><\/a><\/div><\/div><\/div>\n<p>&nbsp;<\/p>\n","protected":false},"excerpt":{"rendered":"<p>Visitamos o Cabo da Roca localizado na regi\u00e3o de Sintra e bem perto de Lisboa \u00e9 o ponto mais ocidental do continente europeu. \u00c9 natureza pura. A vis\u00e3o do Oceano Atl\u00e2ntico a perder de vista, \u00e9 fant\u00e1stica. &nbsp;<\/p>\n","protected":false},"author":1,"featured_media":930,"comment_status":"open","ping_status":"open","sticky":false,"template":"","format":"standard","meta":[],"categories":[13],"tags":[],"_links":{"self":[{"href":"http:\/\/linkandocomale.com\/novo\/wp-json\/wp\/v2\/posts\/929"}],"collection":[{"href":"http:\/\/linkandocomale.com\/novo\/wp-json\/wp\/v2\/posts"}],"about":[{"href":"http:\/\/linkandocomale.com\/novo\/wp-json\/wp\/v2\/types\/post"}],"author":[{"embeddable":true,"href":"http:\/\/linkandocomale.com\/novo\/wp-json\/wp\/v2\/users\/1"}],"replies":[{"embeddable":true,"href":"http:\/\/linkandocomale.com\/novo\/wp-json\/wp\/v2\/comments?post=929"}],"version-history":[{"count":1,"href":"http:\/\/linkandocomale.com\/novo\/wp-json\/wp\/v2\/posts\/929\/revisions"}],"predecessor-version":[{"id":936,"href":"http:\/\/linkandocomale.com\/novo\/wp-json\/wp\/v2\/posts\/929\/revisions\/936"}],"wp:featuredmedia":[{"embeddable":true,"href":"http:\/\/linkandocomale.com\/novo\/wp-json\/wp\/v2\/media\/930"}],"wp:attachment":[{"href":"http:\/\/linkandocomale.com\/novo\/wp-json\/wp\/v2\/media?parent=929"}],"wp:term":[{"taxonomy":"category","embeddable":true,"href":"http:\/\/linkandocomale.com\/novo\/wp-json\/wp\/v2\/categories?post=929"},{"taxonomy":"post_tag","embeddable":true,"href":"http:\/\/linkandocomale.com\/novo\/wp-json\/wp\/v2\/tags?post=929"}],"curies":[{"name":"wp","href":"https:\/\/api.w.org\/{rel}","templated":true}]}}