{"id":921,"date":"2016-08-11T00:44:25","date_gmt":"2016-08-11T00:44:25","guid":{"rendered":"http:\/\/linkandocomale.com\/novo\/?p=921"},"modified":"2016-08-11T00:45:52","modified_gmt":"2016-08-11T00:45:52","slug":"praia-das-macas","status":"publish","type":"post","link":"http:\/\/linkandocomale.com\/novo\/2016\/08\/11\/praia-das-macas\/","title":{"rendered":"Praia das Ma\u00e7\u00e3s"},"content":{"rendered":"<p>Praia das Ma\u00e7\u00e3s situa-se a 10 km de Sintra.<\/p>\n<p>H\u00e1 relatos que o nome da praia, deve-se ao fato que um rio que a\u00ed des\u00e1gua, passava entre pomares de macieiras e trazia as frutas maduras ca\u00eddas na \u00e1gua para a praia.<\/p>\n<p>Local muito agrad\u00e1vel, mas a visita foi muito r\u00e1pida.<\/p>\n<p>Almo\u00e7amos nessa praia e seguimos para o Cabo da Roca.<\/p>\n<div id=\"kad-wp-gallery69\" class=\"kad-wp-gallery init-isotope kad-light-wp-gallery clearfix rowtight\" data-fade-in=\"1\" data-iso-selector=\".g_item\"><div class=\"tcol-lg-4 tcol-md-4 tcol-sm-4 tcol-xs-6 tcol-ss-12 g_item\"><div class=\"grid_item kt_item_fade_in kad_gallery_fade_in gallery_item\"><a href=\"http:\/\/linkandocomale.com\/novo\/wp-content\/uploads\/2016\/08\/20160617_173728_eli.jpg\" rel=\"lightbox[pp_gal]\" class=\"lightboxhover\">\n                          <img src=\"http:\/\/linkandocomale.com\/novo\/wp-content\/uploads\/2016\/08\/20160617_173728_eli-366x206.jpg\" alt=\"Grupo almo\u00e7ando. Foto feita pela Gar\u00e7onete\" class=\"light-dropshaddow\"\/><div class=\"caption kad_caption\"><div class=\"kad_caption_inner\">Grupo almo\u00e7ando. Foto feita pela Gar\u00e7onete<\/div><\/div><\/a><\/div><\/div><div class=\"tcol-lg-4 tcol-md-4 tcol-sm-4 tcol-xs-6 tcol-ss-12 g_item\"><div class=\"grid_item kt_item_fade_in kad_gallery_fade_in gallery_item\"><a href=\"http:\/\/linkandocomale.com\/novo\/wp-content\/uploads\/2016\/08\/20160617_190456_eli.jpg\" rel=\"lightbox[pp_gal]\" class=\"lightboxhover\">\n                          <img src=\"http:\/\/linkandocomale.com\/novo\/wp-content\/uploads\/2016\/08\/20160617_190456_eli-366x206.jpg\" alt=\"Praia das Ma\u00e7\u00e3s Foto de Eliana\" class=\"light-dropshaddow\"\/><div class=\"caption kad_caption\"><div class=\"kad_caption_inner\">Praia das Ma\u00e7\u00e3s Foto de Eliana<\/div><\/div><\/a><\/div><\/div><div class=\"tcol-lg-4 tcol-md-4 tcol-sm-4 tcol-xs-6 tcol-ss-12 g_item\"><div class=\"grid_item kt_item_fade_in kad_gallery_fade_in gallery_item\"><a href=\"http:\/\/linkandocomale.com\/novo\/wp-content\/uploads\/2016\/08\/20160617_191005_io.jpg\" rel=\"lightbox[pp_gal]\" class=\"lightboxhover\">\n                          <img src=\"http:\/\/linkandocomale.com\/novo\/wp-content\/uploads\/2016\/08\/20160617_191005_io-366x206.jpg\" alt=\"Entardecer. Foto de Ionira\" class=\"light-dropshaddow\"\/><div class=\"caption kad_caption\"><div class=\"kad_caption_inner\">Entardecer. Foto de Ionira<\/div><\/div><\/a><\/div><\/div><div class=\"tcol-lg-4 tcol-md-4 tcol-sm-4 tcol-xs-6 tcol-ss-12 g_item\"><div class=\"grid_item kt_item_fade_in kad_gallery_fade_in gallery_item\"><a href=\"http:\/\/linkandocomale.com\/novo\/wp-content\/uploads\/2016\/08\/20160617_191143_io.jpg\" rel=\"lightbox[pp_gal]\" class=\"lightboxhover\">\n                          <img src=\"http:\/\/linkandocomale.com\/novo\/wp-content\/uploads\/2016\/08\/20160617_191143_io-366x206.jpg\" alt=\"Praia das Ma\u00e7\u00e3s. Foto de Ionira\" class=\"light-dropshaddow\"\/><div class=\"caption kad_caption\"><div class=\"kad_caption_inner\">Praia das Ma\u00e7\u00e3s. Foto de Ionira<\/div><\/div><\/a><\/div><\/div><div class=\"tcol-lg-4 tcol-md-4 tcol-sm-4 tcol-xs-6 tcol-ss-12 g_item\"><div class=\"grid_item kt_item_fade_in kad_gallery_fade_in gallery_item\"><a href=\"http:\/\/linkandocomale.com\/novo\/wp-content\/uploads\/2016\/08\/IMG_0741_luiz.jpg\" rel=\"lightbox[pp_gal]\" class=\"lightboxhover\">\n                          <img src=\"http:\/\/linkandocomale.com\/novo\/wp-content\/uploads\/2016\/08\/IMG_0741_luiz-366x244.jpg\" alt=\"Espeto de Gamba ( camar\u00e3o). Foto de Luiz\" class=\"light-dropshaddow\"\/><div class=\"caption kad_caption\"><div class=\"kad_caption_inner\">Espeto de Gamba ( camar\u00e3o). Foto de Luiz<\/div><\/div><\/a><\/div><\/div><\/div>\n","protected":false},"excerpt":{"rendered":"<p>Praia das Ma\u00e7\u00e3s situa-se a 10 km de Sintra. H\u00e1 relatos que o nome da praia, deve-se ao fato que um rio que a\u00ed des\u00e1gua, passava entre pomares de macieiras e trazia as frutas maduras ca\u00eddas na \u00e1gua para a &hellip; <a href=\"http:\/\/linkandocomale.com\/novo\/2016\/08\/11\/praia-das-macas\/\">leia mais<\/a><\/p>\n","protected":false},"author":1,"featured_media":925,"comment_status":"open","ping_status":"open","sticky":false,"template":"","format":"standard","meta":[],"categories":[13],"tags":[],"_links":{"self":[{"href":"http:\/\/linkandocomale.com\/novo\/wp-json\/wp\/v2\/posts\/921"}],"collection":[{"href":"http:\/\/linkandocomale.com\/novo\/wp-json\/wp\/v2\/posts"}],"about":[{"href":"http:\/\/linkandocomale.com\/novo\/wp-json\/wp\/v2\/types\/post"}],"author":[{"embeddable":true,"href":"http:\/\/linkandocomale.com\/novo\/wp-json\/wp\/v2\/users\/1"}],"replies":[{"embeddable":true,"href":"http:\/\/linkandocomale.com\/novo\/wp-json\/wp\/v2\/comments?post=921"}],"version-history":[{"count":2,"href":"http:\/\/linkandocomale.com\/novo\/wp-json\/wp\/v2\/posts\/921\/revisions"}],"predecessor-version":[{"id":928,"href":"http:\/\/linkandocomale.com\/novo\/wp-json\/wp\/v2\/posts\/921\/revisions\/928"}],"wp:featuredmedia":[{"embeddable":true,"href":"http:\/\/linkandocomale.com\/novo\/wp-json\/wp\/v2\/media\/925"}],"wp:attachment":[{"href":"http:\/\/linkandocomale.com\/novo\/wp-json\/wp\/v2\/media?parent=921"}],"wp:term":[{"taxonomy":"category","embeddable":true,"href":"http:\/\/linkandocomale.com\/novo\/wp-json\/wp\/v2\/categories?post=921"},{"taxonomy":"post_tag","embeddable":true,"href":"http:\/\/linkandocomale.com\/novo\/wp-json\/wp\/v2\/tags?post=921"}],"curies":[{"name":"wp","href":"https:\/\/api.w.org\/{rel}","templated":true}]}}