{"id":738,"date":"2016-08-06T22:31:17","date_gmt":"2016-08-06T22:31:17","guid":{"rendered":"http:\/\/linkandocomale.com\/novo\/?p=738"},"modified":"2016-08-06T22:31:17","modified_gmt":"2016-08-06T22:31:17","slug":"guimaraes","status":"publish","type":"post","link":"http:\/\/linkandocomale.com\/novo\/2016\/08\/06\/guimaraes\/","title":{"rendered":"Guimar\u00e3es"},"content":{"rendered":"<p>Passeamos pela regi\u00e3o do Minho onde visitamos as cidades de Guimar\u00e3es, Braga e Barcelos.<\/p>\n<p>Em Guimar\u00e3es entramos no Pa\u00e7o dos Duques de Bragan\u00e7a no topo da colina da cidade medieval de Guimar\u00e3es.<\/p>\n<p>O Pa\u00e7o dos Duques foi constru\u00eddo em 1401 tendo sido restaurado para ser resid\u00eancia presidencial de Salazar.<\/p>\n<div id=\"kad-wp-gallery18\" class=\"kad-wp-gallery init-isotope kad-light-wp-gallery clearfix rowtight\" data-fade-in=\"1\" data-iso-selector=\".g_item\"><div class=\"tcol-lg-4 tcol-md-4 tcol-sm-4 tcol-xs-6 tcol-ss-12 g_item\"><div class=\"grid_item kt_item_fade_in kad_gallery_fade_in gallery_item\"><a href=\"http:\/\/linkandocomale.com\/novo\/wp-content\/uploads\/2016\/08\/IMG_0130.jpg\" rel=\"lightbox[pp_gal]\" class=\"lightboxhover\">\n                          <img src=\"http:\/\/linkandocomale.com\/novo\/wp-content\/uploads\/2016\/08\/IMG_0130-366x275.jpg\" alt=\"Pa\u00e7o dos Duques de Bragana Foto de Ionira\" class=\"light-dropshaddow\"\/><div class=\"caption kad_caption\"><div class=\"kad_caption_inner\">Pa\u00e7o dos Duques de Bragana Foto de Ionira<\/div><\/div><\/a><\/div><\/div><div class=\"tcol-lg-4 tcol-md-4 tcol-sm-4 tcol-xs-6 tcol-ss-12 g_item\"><div class=\"grid_item kt_item_fade_in kad_gallery_fade_in gallery_item\"><a href=\"http:\/\/linkandocomale.com\/novo\/wp-content\/uploads\/2016\/08\/IMG_0137.jpg\" rel=\"lightbox[pp_gal]\" class=\"lightboxhover\">\n                          <img src=\"http:\/\/linkandocomale.com\/novo\/wp-content\/uploads\/2016\/08\/IMG_0137-366x275.jpg\" alt=\"Guimar\u00e3es. Foto de Ionira\" class=\"light-dropshaddow\"\/><div class=\"caption kad_caption\"><div class=\"kad_caption_inner\">Guimar\u00e3es. Foto de Ionira<\/div><\/div><\/a><\/div><\/div><div class=\"tcol-lg-4 tcol-md-4 tcol-sm-4 tcol-xs-6 tcol-ss-12 g_item\"><div class=\"grid_item kt_item_fade_in kad_gallery_fade_in gallery_item\"><a href=\"http:\/\/linkandocomale.com\/novo\/wp-content\/uploads\/2016\/08\/IMG_0160luiz.jpg\" rel=\"lightbox[pp_gal]\" class=\"lightboxhover\">\n                          <img src=\"http:\/\/linkandocomale.com\/novo\/wp-content\/uploads\/2016\/08\/IMG_0160luiz-366x244.jpg\" alt=\"Castelo de Guimar\u00e3es .Foto de Luiz\" class=\"light-dropshaddow\"\/><div class=\"caption kad_caption\"><div class=\"kad_caption_inner\">Castelo de Guimar\u00e3es .Foto de Luiz<\/div><\/div><\/a><\/div><\/div><div class=\"tcol-lg-4 tcol-md-4 tcol-sm-4 tcol-xs-6 tcol-ss-12 g_item\"><div class=\"grid_item kt_item_fade_in kad_gallery_fade_in gallery_item\"><a href=\"http:\/\/linkandocomale.com\/novo\/wp-content\/uploads\/2016\/08\/IMG_0161luiz.jpg\" rel=\"lightbox[pp_gal]\" class=\"lightboxhover\">\n                          <img src=\"http:\/\/linkandocomale.com\/novo\/wp-content\/uploads\/2016\/08\/IMG_0161luiz-366x244.jpg\" alt=\"Castelo de Guimar\u00e3es. Foto de Luiz\" class=\"light-dropshaddow\"\/><div class=\"caption kad_caption\"><div class=\"kad_caption_inner\">Castelo de Guimar\u00e3es. Foto de Luiz<\/div><\/div><\/a><\/div><\/div><div class=\"tcol-lg-4 tcol-md-4 tcol-sm-4 tcol-xs-6 tcol-ss-12 g_item\"><div class=\"grid_item kt_item_fade_in kad_gallery_fade_in gallery_item\"><a href=\"http:\/\/linkandocomale.com\/novo\/wp-content\/uploads\/2016\/08\/IMG_0162luiz.jpg\" rel=\"lightbox[pp_gal]\" class=\"lightboxhover\">\n                          <img src=\"http:\/\/linkandocomale.com\/novo\/wp-content\/uploads\/2016\/08\/IMG_0162luiz-366x244.jpg\" alt=\"Pa\u00e7o dos Duques. Foto feita por Luiz\" class=\"light-dropshaddow\"\/><div class=\"caption kad_caption\"><div class=\"kad_caption_inner\">Pa\u00e7o dos Duques. Foto feita por Luiz<\/div><\/div><\/a><\/div><\/div><div class=\"tcol-lg-4 tcol-md-4 tcol-sm-4 tcol-xs-6 tcol-ss-12 g_item\"><div class=\"grid_item kt_item_fade_in kad_gallery_fade_in gallery_item\"><a href=\"http:\/\/linkandocomale.com\/novo\/wp-content\/uploads\/2016\/08\/IMG_0163luiz.jpg\" rel=\"lightbox[pp_gal]\" class=\"lightboxhover\">\n                          <img src=\"http:\/\/linkandocomale.com\/novo\/wp-content\/uploads\/2016\/08\/IMG_0163luiz-366x244.jpg\" alt=\"Paco dos Duques. Foto feita por Luiz\" class=\"light-dropshaddow\"\/><div class=\"caption kad_caption\"><div class=\"kad_caption_inner\">Paco dos Duques. Foto feita por Luiz<\/div><\/div><\/a><\/div><\/div><div class=\"tcol-lg-4 tcol-md-4 tcol-sm-4 tcol-xs-6 tcol-ss-12 g_item\"><div class=\"grid_item kt_item_fade_in kad_gallery_fade_in gallery_item\"><a href=\"http:\/\/linkandocomale.com\/novo\/wp-content\/uploads\/2016\/08\/IMG_0164luiz.jpg\" rel=\"lightbox[pp_gal]\" class=\"lightboxhover\">\n                          <img src=\"http:\/\/linkandocomale.com\/novo\/wp-content\/uploads\/2016\/08\/IMG_0164luiz-366x244.jpg\" alt=\"Foto feita por Luiz\" class=\"light-dropshaddow\"\/><div class=\"caption kad_caption\"><div class=\"kad_caption_inner\">Foto feita por Luiz<\/div><\/div><\/a><\/div><\/div><div class=\"tcol-lg-4 tcol-md-4 tcol-sm-4 tcol-xs-6 tcol-ss-12 g_item\"><div class=\"grid_item kt_item_fade_in kad_gallery_fade_in gallery_item\"><a href=\"http:\/\/linkandocomale.com\/novo\/wp-content\/uploads\/2016\/08\/IMG_0172luiz.jpg\" rel=\"lightbox[pp_gal]\" class=\"lightboxhover\">\n                          <img src=\"http:\/\/linkandocomale.com\/novo\/wp-content\/uploads\/2016\/08\/IMG_0172luiz-366x244.jpg\" alt=\"Capela do Pa\u00e7o dos Duques. Foto feita por Luiz\" class=\"light-dropshaddow\"\/><div class=\"caption kad_caption\"><div class=\"kad_caption_inner\">Capela do Pa\u00e7o dos Duques. Foto feita por Luiz<\/div><\/div><\/a><\/div><\/div><div class=\"tcol-lg-4 tcol-md-4 tcol-sm-4 tcol-xs-6 tcol-ss-12 g_item\"><div class=\"grid_item kt_item_fade_in kad_gallery_fade_in gallery_item\"><a href=\"http:\/\/linkandocomale.com\/novo\/wp-content\/uploads\/2016\/08\/IMG_0202.jpg\" rel=\"lightbox[pp_gal]\" class=\"lightboxhover\">\n                          <img src=\"http:\/\/linkandocomale.com\/novo\/wp-content\/uploads\/2016\/08\/IMG_0202-366x244.jpg\" alt=\"Pa\u00e7o dos Duques. Foto feita por Ionira\" class=\"light-dropshaddow\"\/><div class=\"caption kad_caption\"><div class=\"kad_caption_inner\">Pa\u00e7o dos Duques. Foto feita por Ionira<\/div><\/div><\/a><\/div><\/div><\/div>\n","protected":false},"excerpt":{"rendered":"<p>Passeamos pela regi\u00e3o do Minho onde visitamos as cidades de Guimar\u00e3es, Braga e Barcelos. Em Guimar\u00e3es entramos no Pa\u00e7o dos Duques de Bragan\u00e7a no topo da colina da cidade medieval de Guimar\u00e3es. O Pa\u00e7o dos Duques foi constru\u00eddo em 1401 &hellip; <a href=\"http:\/\/linkandocomale.com\/novo\/2016\/08\/06\/guimaraes\/\">leia mais<\/a><\/p>\n","protected":false},"author":1,"featured_media":742,"comment_status":"open","ping_status":"open","sticky":false,"template":"","format":"standard","meta":[],"categories":[13],"tags":[],"_links":{"self":[{"href":"http:\/\/linkandocomale.com\/novo\/wp-json\/wp\/v2\/posts\/738"}],"collection":[{"href":"http:\/\/linkandocomale.com\/novo\/wp-json\/wp\/v2\/posts"}],"about":[{"href":"http:\/\/linkandocomale.com\/novo\/wp-json\/wp\/v2\/types\/post"}],"author":[{"embeddable":true,"href":"http:\/\/linkandocomale.com\/novo\/wp-json\/wp\/v2\/users\/1"}],"replies":[{"embeddable":true,"href":"http:\/\/linkandocomale.com\/novo\/wp-json\/wp\/v2\/comments?post=738"}],"version-history":[{"count":1,"href":"http:\/\/linkandocomale.com\/novo\/wp-json\/wp\/v2\/posts\/738\/revisions"}],"predecessor-version":[{"id":748,"href":"http:\/\/linkandocomale.com\/novo\/wp-json\/wp\/v2\/posts\/738\/revisions\/748"}],"wp:featuredmedia":[{"embeddable":true,"href":"http:\/\/linkandocomale.com\/novo\/wp-json\/wp\/v2\/media\/742"}],"wp:attachment":[{"href":"http:\/\/linkandocomale.com\/novo\/wp-json\/wp\/v2\/media?parent=738"}],"wp:term":[{"taxonomy":"category","embeddable":true,"href":"http:\/\/linkandocomale.com\/novo\/wp-json\/wp\/v2\/categories?post=738"},{"taxonomy":"post_tag","embeddable":true,"href":"http:\/\/linkandocomale.com\/novo\/wp-json\/wp\/v2\/tags?post=738"}],"curies":[{"name":"wp","href":"https:\/\/api.w.org\/{rel}","templated":true}]}}