{"id":545,"date":"2016-07-13T22:24:03","date_gmt":"2016-07-13T22:24:03","guid":{"rendered":"http:\/\/linkandocomale.com\/novo\/?p=545"},"modified":"2016-08-12T02:24:07","modified_gmt":"2016-08-12T02:24:07","slug":"545","status":"publish","type":"post","link":"http:\/\/linkandocomale.com\/novo\/2016\/07\/13\/545\/","title":{"rendered":"Can\u00e7\u00e3o da Am\u00e9rica  &#8211; Milton Nascimento"},"content":{"rendered":"<p>&nbsp;<\/p>\n<p style=\"line-height: 22.8pt; margin: 0cm 0cm 19.2pt 0cm;\"><span style=\"font-size: 14.5pt; font-family: 'Arial',sans-serif; color: #444444;\">Amigo \u00e9 coisa para se guardar<br \/>\nDebaixo de sete chaves<br \/>\nDentro do cora\u00e7\u00e3o<br \/>\nAssim falava a can\u00e7\u00e3o que na Am\u00e9rica ouvi<br \/>\nMas quem cantava chorou<br \/>\nAo ver o seu amigo partir<\/span><\/p>\n<p style=\"line-height: 22.8pt; orphans: auto; text-align: start; widows: 1; -webkit-text-stroke-width: 0px; word-spacing: 0px; margin: 0cm 0cm 19.2pt 0cm;\"><span style=\"font-size: 14.5pt; font-family: 'Arial',sans-serif; color: #444444;\"> Mas quem ficou, no pensamento voou<br \/>\nCom seu canto que o outro lembrou<br \/>\nE quem voou, no pensamento ficou<br \/>\nCom a lembran\u00e7a que o outro cantou<\/span><\/p>\n<p style=\"line-height: 22.8pt; orphans: auto; text-align: start; widows: 1; -webkit-text-stroke-width: 0px; word-spacing: 0px; margin: 0cm 0cm 19.2pt 0cm;\"><span style=\"font-size: 14.5pt; font-family: 'Arial',sans-serif; color: #444444;\">Amigo \u00e9 coisa para se guardar<br \/>\nNo lado esquerdo do peito<br \/>\nMesmo que o tempo e a dist\u00e2ncia digam &#8220;n\u00e3o&#8221;<br \/>\nMesmo esquecendo a can\u00e7\u00e3o<br \/>\nO que importa \u00e9 ouvir<br \/>\nA voz que vem do cora\u00e7\u00e3o<\/span><\/p>\n<p style=\"margin: 0cm; margin-bottom: .0001pt; line-height: 22.8pt; orphans: auto; text-align: start; widows: 1; -webkit-text-stroke-width: 0px; word-spacing: 0px;\"><span style=\"font-size: 14.5pt; font-family: 'Arial',sans-serif; color: #444444;\">Pois seja o que vier, venha o que vier<br \/>\nQualquer dia, amigo, eu volto<br \/>\nA te encontrar<br \/>\nQualquer dia, amigo, a gente vai se encontrar.<\/span><\/p>\n","protected":false},"excerpt":{"rendered":"<p>&nbsp; Amigo \u00e9 coisa para se guardar Debaixo de sete chaves Dentro do cora\u00e7\u00e3o Assim falava a can\u00e7\u00e3o que na Am\u00e9rica ouvi Mas quem cantava chorou Ao ver o seu amigo partir Mas quem ficou, no pensamento voou Com seu &hellip; <a href=\"http:\/\/linkandocomale.com\/novo\/2016\/07\/13\/545\/\">leia mais<\/a><\/p>\n","protected":false},"author":1,"featured_media":1035,"comment_status":"open","ping_status":"open","sticky":false,"template":"","format":"standard","meta":[],"categories":[8,11],"tags":[],"_links":{"self":[{"href":"http:\/\/linkandocomale.com\/novo\/wp-json\/wp\/v2\/posts\/545"}],"collection":[{"href":"http:\/\/linkandocomale.com\/novo\/wp-json\/wp\/v2\/posts"}],"about":[{"href":"http:\/\/linkandocomale.com\/novo\/wp-json\/wp\/v2\/types\/post"}],"author":[{"embeddable":true,"href":"http:\/\/linkandocomale.com\/novo\/wp-json\/wp\/v2\/users\/1"}],"replies":[{"embeddable":true,"href":"http:\/\/linkandocomale.com\/novo\/wp-json\/wp\/v2\/comments?post=545"}],"version-history":[{"count":3,"href":"http:\/\/linkandocomale.com\/novo\/wp-json\/wp\/v2\/posts\/545\/revisions"}],"predecessor-version":[{"id":549,"href":"http:\/\/linkandocomale.com\/novo\/wp-json\/wp\/v2\/posts\/545\/revisions\/549"}],"wp:featuredmedia":[{"embeddable":true,"href":"http:\/\/linkandocomale.com\/novo\/wp-json\/wp\/v2\/media\/1035"}],"wp:attachment":[{"href":"http:\/\/linkandocomale.com\/novo\/wp-json\/wp\/v2\/media?parent=545"}],"wp:term":[{"taxonomy":"category","embeddable":true,"href":"http:\/\/linkandocomale.com\/novo\/wp-json\/wp\/v2\/categories?post=545"},{"taxonomy":"post_tag","embeddable":true,"href":"http:\/\/linkandocomale.com\/novo\/wp-json\/wp\/v2\/tags?post=545"}],"curies":[{"name":"wp","href":"https:\/\/api.w.org\/{rel}","templated":true}]}}