{"id":539,"date":"2016-07-13T21:47:22","date_gmt":"2016-07-13T21:47:22","guid":{"rendered":"http:\/\/linkandocomale.com\/novo\/?p=539"},"modified":"2016-07-13T21:47:22","modified_gmt":"2016-07-13T21:47:22","slug":"velho-tema-vicente-de-carvalho","status":"publish","type":"post","link":"http:\/\/linkandocomale.com\/novo\/2016\/07\/13\/velho-tema-vicente-de-carvalho\/","title":{"rendered":"Velho Tema &#8211;  Vicente de Carvalho"},"content":{"rendered":"<p>&nbsp;<\/p>\n<p align=\"justify\"><span style=\"font-family: Verdana; font-size: small;\">S\u00f3 a leve esperan\u00e7a, em toda a vida,<\/span><\/p>\n<p align=\"justify\"><span style=\"font-family: Verdana; font-size: small;\">Disfar\u00e7a a pena de viver, mais nada;<\/span><\/p>\n<p align=\"justify\"><span style=\"font-family: Verdana; font-size: small;\">Nem \u00e9 mais a exist\u00eancia, resumida,<\/span><\/p>\n<p align=\"justify\"><span style=\"font-family: Verdana; font-size: small;\">Que uma grande esperan\u00e7a malograda.<\/span><\/p>\n<p align=\"justify\"><span style=\"font-family: Verdana; font-size: small;\">\u00a0<\/span><\/p>\n<p align=\"justify\"><span style=\"font-family: Verdana; font-size: small;\">O eterno sonho da alma desterrada,<\/span><\/p>\n<p align=\"justify\"><span style=\"font-family: Verdana; font-size: small;\">Sonho que a traz ansiosa e embevecida,<\/span><\/p>\n<p align=\"justify\"><span style=\"font-family: Verdana; font-size: small;\">\u00c9 uma hora feliz, sempre adiada<\/span><\/p>\n<p align=\"justify\"><span style=\"font-family: Verdana; font-size: small;\">E que n\u00e3o chega nunca em toda a vida.<\/span><\/p>\n<p align=\"justify\"><span style=\"font-family: Verdana; font-size: small;\">\u00a0<\/span><\/p>\n<p align=\"justify\"><span style=\"font-family: Verdana; font-size: small;\">Essa felicidade que supomos,<\/span><\/p>\n<p align=\"justify\"><span style=\"font-family: Verdana; font-size: small;\">\u00c1rvore milagrosa que sonhamos<\/span><\/p>\n<p align=\"justify\"><span style=\"font-family: Verdana; font-size: small;\">Toda arreada de dourados pomos,<\/span><\/p>\n<p align=\"justify\"><span style=\"font-family: Verdana; font-size: small;\">\u00a0<\/span><\/p>\n<p align=\"justify\"><span style=\"font-family: Verdana; font-size: small;\">Existe, sim: mas n\u00f3s n\u00e3o a alcan\u00e7amos<\/span><\/p>\n<p align=\"justify\"><span style=\"font-family: Verdana; font-size: small;\">Porque est\u00e1 sempre apenas onde a pomos<\/span><\/p>\n<p align=\"justify\"><span style=\"font-family: Verdana; font-size: small;\">E nunca a pomos onde n\u00f3s estamos.<\/span><\/p>\n","protected":false},"excerpt":{"rendered":"<p>&nbsp; S\u00f3 a leve esperan\u00e7a, em toda a vida, Disfar\u00e7a a pena de viver, mais nada; Nem \u00e9 mais a exist\u00eancia, resumida, Que uma grande esperan\u00e7a malograda. \u00a0 O eterno sonho da alma desterrada, Sonho que a traz ansiosa e &hellip; <a href=\"http:\/\/linkandocomale.com\/novo\/2016\/07\/13\/velho-tema-vicente-de-carvalho\/\">leia mais<\/a><\/p>\n","protected":false},"author":1,"featured_media":540,"comment_status":"open","ping_status":"open","sticky":false,"template":"","format":"standard","meta":[],"categories":[4,11],"tags":[],"_links":{"self":[{"href":"http:\/\/linkandocomale.com\/novo\/wp-json\/wp\/v2\/posts\/539"}],"collection":[{"href":"http:\/\/linkandocomale.com\/novo\/wp-json\/wp\/v2\/posts"}],"about":[{"href":"http:\/\/linkandocomale.com\/novo\/wp-json\/wp\/v2\/types\/post"}],"author":[{"embeddable":true,"href":"http:\/\/linkandocomale.com\/novo\/wp-json\/wp\/v2\/users\/1"}],"replies":[{"embeddable":true,"href":"http:\/\/linkandocomale.com\/novo\/wp-json\/wp\/v2\/comments?post=539"}],"version-history":[{"count":1,"href":"http:\/\/linkandocomale.com\/novo\/wp-json\/wp\/v2\/posts\/539\/revisions"}],"predecessor-version":[{"id":541,"href":"http:\/\/linkandocomale.com\/novo\/wp-json\/wp\/v2\/posts\/539\/revisions\/541"}],"wp:featuredmedia":[{"embeddable":true,"href":"http:\/\/linkandocomale.com\/novo\/wp-json\/wp\/v2\/media\/540"}],"wp:attachment":[{"href":"http:\/\/linkandocomale.com\/novo\/wp-json\/wp\/v2\/media?parent=539"}],"wp:term":[{"taxonomy":"category","embeddable":true,"href":"http:\/\/linkandocomale.com\/novo\/wp-json\/wp\/v2\/categories?post=539"},{"taxonomy":"post_tag","embeddable":true,"href":"http:\/\/linkandocomale.com\/novo\/wp-json\/wp\/v2\/tags?post=539"}],"curies":[{"name":"wp","href":"https:\/\/api.w.org\/{rel}","templated":true}]}}