{"id":452,"date":"2016-05-04T21:35:05","date_gmt":"2016-05-04T21:35:05","guid":{"rendered":"http:\/\/linkandocomale.com\/novo\/?p=452"},"modified":"2016-05-04T21:35:05","modified_gmt":"2016-05-04T21:35:05","slug":"meus-oito-anos-cassimiro-de-abreu","status":"publish","type":"post","link":"http:\/\/linkandocomale.com\/novo\/2016\/05\/04\/meus-oito-anos-cassimiro-de-abreu\/","title":{"rendered":"Meus Oito Anos  &#8211;  Cassimiro de Abreu"},"content":{"rendered":"<p>Oh! que saudades que tenho<br \/>\nDa aurora da minha vida,<br \/>\nDa minha inf\u00e2ncia querida<br \/>\nQue os anos n\u00e3o trazem mais!<br \/>\nQue amor, que sonhos, que flores,<br \/>\nNaquelas tardes fagueiras<br \/>\n\u00c0 sombra das bananeiras,<br \/>\nDebaixo dos laranjais!<br \/>\nComo s\u00e3o belos os dias<br \/>\nDo despontar da exist\u00eancia!<br \/>\n\u2014 Respira a alma inoc\u00eancia<br \/>\nComo perfumes a flor;<br \/>\nO mar \u00e9 \u2014 lago sereno,<br \/>\nO c\u00e9u \u2014 um manto azulado,<br \/>\nO mundo \u2014 um sonho dourado,<br \/>\nA vida \u2014 um hino d&#8217;amor!<br \/>\nQue aurora, que sol, que vida,<br \/>\nQue noites de melodia<br \/>\nNaquela doce alegria,<br \/>\nNaquele ing\u00eanuo folgar!<br \/>\nO c\u00e9u bordado d&#8217;estrelas,<br \/>\nA terra de aromas cheia<br \/>\nAs ondas beijando a areia<br \/>\nE a lua beijando o mar!<br \/>\nOh! dias da minha inf\u00e2ncia!<br \/>\nOh! meu c\u00e9u de primavera!<br \/>\nQue doce a vida n\u00e3o era<br \/>\nNessa risonha manh\u00e3!<br \/>\nEm vez das m\u00e1goas de agora,<br \/>\nEu tinha nessas del\u00edcias<br \/>\nDe minha m\u00e3e as car\u00edcias<br \/>\nE beijos de minh\u00e3 irm\u00e3!<br \/>\nLivre filho das montanhas,<br \/>\nEu ia bem satisfeito,<br \/>\nDa camisa aberta o peito,<br \/>\n\u2014 P\u00e9s descal\u00e7os, bra\u00e7os nus<br \/>\n\u2014 Correndo pelas campinas<br \/>\nA roda das cachoeiras,<br \/>\nAtr\u00e1s das asas ligeiras<br \/>\nDas borboletas azuis!<br \/>\nNaqueles tempos ditosos<br \/>\nIa colher as pitangas,<br \/>\nTrepava a tirar as mangas,<br \/>\nBrincava \u00e0 beira do mar;<br \/>\nRezava \u00e0s Ave-Marias,<br \/>\nAchava o c\u00e9u sempre lindo.<br \/>\nAdormecia sorrindo<br \/>\nE despertava a cantar!<br \/>\n&#8230;&#8230;&#8230;&#8230;&#8230;&#8230;&#8230;&#8230;&#8230;&#8230;..<br \/>\nOh! que saudades que tenho<br \/>\nDa aurora da minha vida,<br \/>\nDa minha inf\u00e2ncia querida<br \/>\nQue os anos n\u00e3o trazem mais!<br \/>\n\u2014 Que amor, que sonhos, que flores,<br \/>\nNaquelas tardes fagueiras<br \/>\nA sombra das bananeiras<br \/>\nDebaixo dos laranjais!<\/p>\n","protected":false},"excerpt":{"rendered":"<p>Oh! que saudades que tenho Da aurora da minha vida, Da minha inf\u00e2ncia querida Que os anos n\u00e3o trazem mais! Que amor, que sonhos, que flores, Naquelas tardes fagueiras \u00c0 sombra das bananeiras, Debaixo dos laranjais! Como s\u00e3o belos os &hellip; <a href=\"http:\/\/linkandocomale.com\/novo\/2016\/05\/04\/meus-oito-anos-cassimiro-de-abreu\/\">leia mais<\/a><\/p>\n","protected":false},"author":1,"featured_media":453,"comment_status":"open","ping_status":"open","sticky":false,"template":"","format":"standard","meta":[],"categories":[4,11],"tags":[],"_links":{"self":[{"href":"http:\/\/linkandocomale.com\/novo\/wp-json\/wp\/v2\/posts\/452"}],"collection":[{"href":"http:\/\/linkandocomale.com\/novo\/wp-json\/wp\/v2\/posts"}],"about":[{"href":"http:\/\/linkandocomale.com\/novo\/wp-json\/wp\/v2\/types\/post"}],"author":[{"embeddable":true,"href":"http:\/\/linkandocomale.com\/novo\/wp-json\/wp\/v2\/users\/1"}],"replies":[{"embeddable":true,"href":"http:\/\/linkandocomale.com\/novo\/wp-json\/wp\/v2\/comments?post=452"}],"version-history":[{"count":1,"href":"http:\/\/linkandocomale.com\/novo\/wp-json\/wp\/v2\/posts\/452\/revisions"}],"predecessor-version":[{"id":454,"href":"http:\/\/linkandocomale.com\/novo\/wp-json\/wp\/v2\/posts\/452\/revisions\/454"}],"wp:featuredmedia":[{"embeddable":true,"href":"http:\/\/linkandocomale.com\/novo\/wp-json\/wp\/v2\/media\/453"}],"wp:attachment":[{"href":"http:\/\/linkandocomale.com\/novo\/wp-json\/wp\/v2\/media?parent=452"}],"wp:term":[{"taxonomy":"category","embeddable":true,"href":"http:\/\/linkandocomale.com\/novo\/wp-json\/wp\/v2\/categories?post=452"},{"taxonomy":"post_tag","embeddable":true,"href":"http:\/\/linkandocomale.com\/novo\/wp-json\/wp\/v2\/tags?post=452"}],"curies":[{"name":"wp","href":"https:\/\/api.w.org\/{rel}","templated":true}]}}